{"id":12065,"date":"2023-12-23T11:41:47","date_gmt":"2023-12-23T14:41:47","guid":{"rendered":"https:\/\/soodermaria.org\/v1\/?p=12065"},"modified":"2023-12-23T12:32:25","modified_gmt":"2023-12-23T15:32:25","slug":"uma-grande-parada-natalina-marca-o-encerramento-do-natal-sooder-maria-de-2023","status":"publish","type":"post","link":"https:\/\/soodermaria.org\/v1\/pt\/uma-grande-parada-natalina-marca-o-encerramento-do-natal-sooder-maria-de-2023\/","title":{"rendered":"Uma grande parada natalina marca o encerramento do Natal Sooder Maria de 2023"},"content":{"rendered":"\t\t<div data-elementor-type=\"wp-post\" data-elementor-id=\"12065\" class=\"elementor elementor-12065\">\n\t\t\t\t\t\t\t\t\t<section class=\"elementor-section elementor-top-section elementor-element elementor-element-52ee5ec6 elementor-section-boxed elementor-section-height-default elementor-section-height-default\" data-id=\"52ee5ec6\" data-element_type=\"section\">\n\t\t\t\t\t\t<div class=\"elementor-container elementor-column-gap-default\">\n\t\t\t\t\t<div class=\"elementor-column elementor-col-100 elementor-top-column elementor-element elementor-element-d25dc18\" data-id=\"d25dc18\" data-element_type=\"column\">\n\t\t\t<div class=\"elementor-widget-wrap elementor-element-populated\">\n\t\t\t\t\t\t\t\t<div class=\"elementor-element elementor-element-1317c904 elementor-widget elementor-widget-heading\" data-id=\"1317c904\" data-element_type=\"widget\" data-widget_type=\"heading.default\">\n\t\t\t\t<div class=\"elementor-widget-container\">\n\t\t\t<style>\/*! elementor - v3.18.0 - 06-12-2023 *\/\n.elementor-heading-title{padding:0;margin:0;line-height:1}.elementor-widget-heading .elementor-heading-title[class*=elementor-size-]>a{color:inherit;font-size:inherit;line-height:inherit}.elementor-widget-heading .elementor-heading-title.elementor-size-small{font-size:15px}.elementor-widget-heading .elementor-heading-title.elementor-size-medium{font-size:19px}.elementor-widget-heading .elementor-heading-title.elementor-size-large{font-size:29px}.elementor-widget-heading .elementor-heading-title.elementor-size-xl{font-size:39px}.elementor-widget-heading .elementor-heading-title.elementor-size-xxl{font-size:59px}<\/style><h3 class=\"elementor-heading-title elementor-size-default\">Parada de Natal da funda\u00e7\u00e3o Sooder Maria ser\u00e1 realizada neste s\u00e1bado 23 em Caucaia - CE\n<\/h3>\t\t<\/div>\n\t\t\t\t<\/div>\n\t\t\t\t<div class=\"elementor-element elementor-element-61356dd5 elementor-widget-divider--view-line elementor-widget elementor-widget-divider\" data-id=\"61356dd5\" data-element_type=\"widget\" data-widget_type=\"divider.default\">\n\t\t\t\t<div class=\"elementor-widget-container\">\n\t\t\t<style>\/*! elementor - v3.18.0 - 06-12-2023 *\/\n.elementor-widget-divider{--divider-border-style:none;--divider-border-width:1px;--divider-color:#0c0d0e;--divider-icon-size:20px;--divider-element-spacing:10px;--divider-pattern-height:24px;--divider-pattern-size:20px;--divider-pattern-url:none;--divider-pattern-repeat:repeat-x}.elementor-widget-divider .elementor-divider{display:flex}.elementor-widget-divider .elementor-divider__text{font-size:15px;line-height:1;max-width:95%}.elementor-widget-divider .elementor-divider__element{margin:0 var(--divider-element-spacing);flex-shrink:0}.elementor-widget-divider .elementor-icon{font-size:var(--divider-icon-size)}.elementor-widget-divider .elementor-divider-separator{display:flex;margin:0;direction:ltr}.elementor-widget-divider--view-line_icon .elementor-divider-separator,.elementor-widget-divider--view-line_text .elementor-divider-separator{align-items:center}.elementor-widget-divider--view-line_icon .elementor-divider-separator:after,.elementor-widget-divider--view-line_icon .elementor-divider-separator:before,.elementor-widget-divider--view-line_text .elementor-divider-separator:after,.elementor-widget-divider--view-line_text .elementor-divider-separator:before{display:block;content:\"\";border-bottom:0;flex-grow:1;border-top:var(--divider-border-width) var(--divider-border-style) var(--divider-color)}.elementor-widget-divider--element-align-left .elementor-divider .elementor-divider-separator>.elementor-divider__svg:first-of-type{flex-grow:0;flex-shrink:100}.elementor-widget-divider--element-align-left .elementor-divider-separator:before{content:none}.elementor-widget-divider--element-align-left .elementor-divider__element{margin-left:0}.elementor-widget-divider--element-align-right .elementor-divider .elementor-divider-separator>.elementor-divider__svg:last-of-type{flex-grow:0;flex-shrink:100}.elementor-widget-divider--element-align-right .elementor-divider-separator:after{content:none}.elementor-widget-divider--element-align-right .elementor-divider__element{margin-right:0}.elementor-widget-divider:not(.elementor-widget-divider--view-line_text):not(.elementor-widget-divider--view-line_icon) .elementor-divider-separator{border-top:var(--divider-border-width) var(--divider-border-style) var(--divider-color)}.elementor-widget-divider--separator-type-pattern{--divider-border-style:none}.elementor-widget-divider--separator-type-pattern.elementor-widget-divider--view-line .elementor-divider-separator,.elementor-widget-divider--separator-type-pattern:not(.elementor-widget-divider--view-line) .elementor-divider-separator:after,.elementor-widget-divider--separator-type-pattern:not(.elementor-widget-divider--view-line) .elementor-divider-separator:before,.elementor-widget-divider--separator-type-pattern:not([class*=elementor-widget-divider--view]) .elementor-divider-separator{width:100%;min-height:var(--divider-pattern-height);-webkit-mask-size:var(--divider-pattern-size) 100%;mask-size:var(--divider-pattern-size) 100%;-webkit-mask-repeat:var(--divider-pattern-repeat);mask-repeat:var(--divider-pattern-repeat);background-color:var(--divider-color);-webkit-mask-image:var(--divider-pattern-url);mask-image:var(--divider-pattern-url)}.elementor-widget-divider--no-spacing{--divider-pattern-size:auto}.elementor-widget-divider--bg-round{--divider-pattern-repeat:round}.rtl .elementor-widget-divider .elementor-divider__text{direction:rtl}.e-con-inner>.elementor-widget-divider,.e-con>.elementor-widget-divider{width:var(--container-widget-width,100%);--flex-grow:var(--container-widget-flex-grow)}<\/style>\t\t<div class=\"elementor-divider\">\n\t\t\t<span class=\"elementor-divider-separator\">\n\t\t\t\t\t\t<\/span>\n\t\t<\/div>\n\t\t\t\t<\/div>\n\t\t\t\t<\/div>\n\t\t\t\t<div class=\"elementor-element elementor-element-6829700f elementor-widget elementor-widget-text-editor\" data-id=\"6829700f\" data-element_type=\"widget\" data-widget_type=\"text-editor.default\">\n\t\t\t\t<div class=\"elementor-widget-container\">\n\t\t\t<style>\/*! elementor - v3.18.0 - 06-12-2023 *\/\n.elementor-widget-text-editor.elementor-drop-cap-view-stacked .elementor-drop-cap{background-color:#69727d;color:#fff}.elementor-widget-text-editor.elementor-drop-cap-view-framed .elementor-drop-cap{color:#69727d;border:3px solid;background-color:transparent}.elementor-widget-text-editor:not(.elementor-drop-cap-view-default) .elementor-drop-cap{margin-top:8px}.elementor-widget-text-editor:not(.elementor-drop-cap-view-default) .elementor-drop-cap-letter{width:1em;height:1em}.elementor-widget-text-editor .elementor-drop-cap{float:left;text-align:center;line-height:1;font-size:50px}.elementor-widget-text-editor .elementor-drop-cap-letter{display:inline-block}<\/style>\t\t\t\t<p>Uma grande parada natalina marca o encerramento do Natal Sooder Maria de 2023<\/p>\t\t\t\t\t\t<\/div>\n\t\t\t\t<\/div>\n\t\t\t\t\t<\/div>\n\t\t<\/div>\n\t\t\t\t\t\t\t<\/div>\n\t\t<\/section>\n\t\t\t\t<section class=\"elementor-section elementor-top-section elementor-element elementor-element-70ef15c0 elementor-section-boxed elementor-section-height-default elementor-section-height-default\" data-id=\"70ef15c0\" data-element_type=\"section\">\n\t\t\t\t\t\t<div class=\"elementor-container elementor-column-gap-default\">\n\t\t\t\t\t<div class=\"elementor-column elementor-col-100 elementor-top-column elementor-element elementor-element-444d2a3a\" data-id=\"444d2a3a\" data-element_type=\"column\">\n\t\t\t<div class=\"elementor-widget-wrap elementor-element-populated\">\n\t\t\t\t\t\t\t\t<div class=\"elementor-element elementor-element-42565575 elementor-widget elementor-widget-text-editor\" data-id=\"42565575\" data-element_type=\"widget\" data-widget_type=\"text-editor.default\">\n\t\t\t\t<div class=\"elementor-widget-container\">\n\t\t\t\t\t\t\t<p>Uma grande parada natalina est\u00e1 marcada para esse s\u00e1bado (23\/12) e promete encantar e iluminar o bairro Jardim do Amor, em Caucaia, marcando o encerramento das atividades festivas da Funda\u00e7\u00e3o Sooder Maria deste ano.<\/p>\t\t\t\t\t\t<\/div>\n\t\t\t\t<\/div>\n\t\t\t\t\t<\/div>\n\t\t<\/div>\n\t\t\t\t\t\t\t<\/div>\n\t\t<\/section>\n\t\t\t\t<section class=\"elementor-section elementor-top-section elementor-element elementor-element-41476325 elementor-section-boxed elementor-section-height-default elementor-section-height-default\" data-id=\"41476325\" data-element_type=\"section\">\n\t\t\t\t\t\t<div class=\"elementor-container elementor-column-gap-default\">\n\t\t\t\t\t<div class=\"elementor-column elementor-col-100 elementor-top-column elementor-element elementor-element-4c83d7b5\" data-id=\"4c83d7b5\" data-element_type=\"column\">\n\t\t\t<div class=\"elementor-widget-wrap elementor-element-populated\">\n\t\t\t\t\t\t\t\t<div class=\"elementor-element elementor-element-712139bc elementor-widget elementor-widget-text-editor\" data-id=\"712139bc\" data-element_type=\"widget\" data-widget_type=\"text-editor.default\">\n\t\t\t\t<div class=\"elementor-widget-container\">\n\t\t\t\t\t\t\t<p>A Casa do Papai Noel ficou aberta ao p\u00fablico desde o primeiro dia de dezembro e recebeu milhares de pessoas que tiveram a oportunidade de interagir com personagens do imagin\u00e1rio infantil e, no final, receberem uma alimenta\u00e7\u00e3o refor\u00e7ada e gratuita. <\/p>\t\t\t\t\t\t<\/div>\n\t\t\t\t<\/div>\n\t\t\t\t\t<\/div>\n\t\t<\/div>\n\t\t\t\t\t\t\t<\/div>\n\t\t<\/section>\n\t\t\t\t<section class=\"elementor-section elementor-top-section elementor-element elementor-element-4ddfe929 elementor-section-boxed elementor-section-height-default elementor-section-height-default\" data-id=\"4ddfe929\" data-element_type=\"section\">\n\t\t\t\t\t\t<div class=\"elementor-container elementor-column-gap-default\">\n\t\t\t\t\t<div class=\"elementor-column elementor-col-100 elementor-top-column elementor-element elementor-element-55d88d32\" data-id=\"55d88d32\" data-element_type=\"column\">\n\t\t\t<div class=\"elementor-widget-wrap elementor-element-populated\">\n\t\t\t\t\t\t\t\t<div class=\"elementor-element elementor-element-3cf00882 elementor-widget elementor-widget-text-editor\" data-id=\"3cf00882\" data-element_type=\"widget\" data-widget_type=\"text-editor.default\">\n\t\t\t\t<div class=\"elementor-widget-container\">\n\t\t\t\t\t\t\t<p>\u00c0 frente da Funda\u00e7\u00e3o Sooder Maria, que h\u00e1 mais de 5 anos desenvolve diversos trabalhos no \u00e2mbito social, a mission\u00e1ria explica que o \u201cLuz Divina\u201d reside na uni\u00e3o por meio da devo\u00e7\u00e3o. O evento visa proporcionar um ambiente de comunh\u00e3o e acolhimento para os que participam desse momento especial.\u00a0<\/p>\t\t\t\t\t\t<\/div>\n\t\t\t\t<\/div>\n\t\t\t\t\t<\/div>\n\t\t<\/div>\n\t\t\t\t\t\t\t<\/div>\n\t\t<\/section>\n\t\t\t\t<section class=\"elementor-section elementor-top-section elementor-element elementor-element-2e9d2b41 elementor-section-boxed elementor-section-height-default elementor-section-height-default\" data-id=\"2e9d2b41\" data-element_type=\"section\">\n\t\t\t\t\t\t<div class=\"elementor-container elementor-column-gap-default\">\n\t\t\t\t\t<div class=\"elementor-column elementor-col-100 elementor-top-column elementor-element elementor-element-25355a7e\" data-id=\"25355a7e\" data-element_type=\"column\">\n\t\t\t<div class=\"elementor-widget-wrap elementor-element-populated\">\n\t\t\t\t\t\t\t\t<div class=\"elementor-element elementor-element-27013a2b elementor-widget elementor-widget-text-editor\" data-id=\"27013a2b\" data-element_type=\"widget\" data-widget_type=\"text-editor.default\">\n\t\t\t\t<div class=\"elementor-widget-container\">\n\t\t\t\t\t\t\t<p>A Parada Natalina deste ano contar\u00e1 com quatro carros aleg\u00f3ricos tem\u00e1ticos e tamb\u00e9m com alas que representar\u00e3o os sonhos de todas as crian\u00e7as. Os mission\u00e1rios e volunt\u00e1rios da Funda\u00e7\u00e3o Sooder Maria desfilar\u00e3o junto com a presidente Maria Sooder.<\/p>\t\t\t\t\t\t<\/div>\n\t\t\t\t<\/div>\n\t\t\t\t\t<\/div>\n\t\t<\/div>\n\t\t\t\t\t\t\t<\/div>\n\t\t<\/section>\n\t\t\t\t<section class=\"elementor-section elementor-top-section elementor-element elementor-element-2f61548 elementor-section-boxed elementor-section-height-default elementor-section-height-default\" data-id=\"2f61548\" data-element_type=\"section\">\n\t\t\t\t\t\t<div class=\"elementor-container elementor-column-gap-default\">\n\t\t\t\t\t<div class=\"elementor-column elementor-col-100 elementor-top-column elementor-element elementor-element-7268c59\" data-id=\"7268c59\" data-element_type=\"column\">\n\t\t\t<div class=\"elementor-widget-wrap elementor-element-populated\">\n\t\t\t\t\t\t\t\t<div class=\"elementor-element elementor-element-23f05af elementor-widget elementor-widget-text-editor\" data-id=\"23f05af\" data-element_type=\"widget\" data-widget_type=\"text-editor.default\">\n\t\t\t\t<div class=\"elementor-widget-container\">\n\t\t\t\t\t\t\t<p>Um dos carros ser\u00e1 homenagear\u00e1 o Jardim do Amor. As pequenas cantoras Pamiris, Sarah, J\u00falia e Shayna estar\u00e3o presentes na alegoria. Elas foram destaque na Terceira Vig\u00edlia Luz Divina. No segundo carro aleg\u00f3rico, um pres\u00e9pio vivo promete emocionar e relembrar o verdadeiro significado do Natal.<\/p><p>Durante o nosso desfile natalino, o c\u00e9u ser\u00e1 iluminado por uma queima de fogos. A neve artificial promete levar alegria a todos os presentes. Bailarinos, bandas, rob\u00f4s e super-her\u00f3is desfilar\u00e3o em um evento que promete se eternizar na mem\u00f3ria dos moradores e visitantes.<br \/>Um show da dupla Lu\u00eds Marcelo &amp; Gabriel encerrar\u00e1 os festejos natalinos.<\/p><p>O evento acontecer\u00e1 a partir das 18h desse s\u00e1bado (23\/12) na Rua S\u00e3o Jos\u00e9, no bairro Jardim do Amor, em Caucaia. O acesso \u00e9 gratuito!<\/p>\t\t\t\t\t\t<\/div>\n\t\t\t\t<\/div>\n\t\t\t\t\t<\/div>\n\t\t<\/div>\n\t\t\t\t\t\t\t<\/div>\n\t\t<\/section>\n\t\t\t\t\t\t\t<\/div>\n\t\t","protected":false},"excerpt":{"rendered":"<p>Parada de Natal da funda\u00e7\u00e3o Sooder Maria ser\u00e1 realizada neste s\u00e1bado 23 em Caucaia &#8211; CE Uma grande parada natalina marca o encerramento do Natal Sooder Maria de 2023 Uma grande parada natalina est\u00e1 marcada para esse s\u00e1bado (23\/12) e promete encantar e iluminar o bairro Jardim do Amor, em Caucaia, marcando o encerramento das &hellip; <\/p>\n<p class=\"link-more\"><a href=\"https:\/\/soodermaria.org\/v1\/pt\/uma-grande-parada-natalina-marca-o-encerramento-do-natal-sooder-maria-de-2023\/\" class=\"more-link\">Read more<span class=\"screen-reader-text\"> &#8220;Uma grande parada natalina marca o encerramento do Natal Sooder Maria de 2023&#8221;<\/span><\/a><\/p>\n","protected":false},"author":2,"featured_media":0,"comment_status":"closed","ping_status":"closed","sticky":false,"template":"","format":"standard","meta":{"om_disable_all_campaigns":false,"inline_featured_image":false,"_mi_skip_tracking":false,"_monsterinsights_sitenote_active":false,"_monsterinsights_sitenote_note":"","_monsterinsights_sitenote_category":0,"footnotes":""},"categories":[1],"tags":[],"class_list":["post-12065","post","type-post","status-publish","format-standard","hentry","category-uncategorized"],"aioseo_notices":[],"_links":{"self":[{"href":"https:\/\/soodermaria.org\/v1\/wp-json\/wp\/v2\/posts\/12065","targetHints":{"allow":["GET"]}}],"collection":[{"href":"https:\/\/soodermaria.org\/v1\/wp-json\/wp\/v2\/posts"}],"about":[{"href":"https:\/\/soodermaria.org\/v1\/wp-json\/wp\/v2\/types\/post"}],"author":[{"embeddable":true,"href":"https:\/\/soodermaria.org\/v1\/wp-json\/wp\/v2\/users\/2"}],"replies":[{"embeddable":true,"href":"https:\/\/soodermaria.org\/v1\/wp-json\/wp\/v2\/comments?post=12065"}],"version-history":[{"count":19,"href":"https:\/\/soodermaria.org\/v1\/wp-json\/wp\/v2\/posts\/12065\/revisions"}],"predecessor-version":[{"id":12086,"href":"https:\/\/soodermaria.org\/v1\/wp-json\/wp\/v2\/posts\/12065\/revisions\/12086"}],"wp:attachment":[{"href":"https:\/\/soodermaria.org\/v1\/wp-json\/wp\/v2\/media?parent=12065"}],"wp:term":[{"taxonomy":"category","embeddable":true,"href":"https:\/\/soodermaria.org\/v1\/wp-json\/wp\/v2\/categories?post=12065"},{"taxonomy":"post_tag","embeddable":true,"href":"https:\/\/soodermaria.org\/v1\/wp-json\/wp\/v2\/tags?post=12065"}],"curies":[{"name":"wp","href":"https:\/\/api.w.org\/{rel}","templated":true}]}}